{"id":4252,"date":"2023-02-16T18:46:25","date_gmt":"2023-02-16T18:46:25","guid":{"rendered":"https:\/\/oslivros.com\/index.php\/2023\/02\/16\/jose-de-alencar\/"},"modified":"2023-02-16T18:46:25","modified_gmt":"2023-02-16T18:46:25","slug":"jose-de-alencar","status":"publish","type":"post","link":"https:\/\/oslivros.com\/index.php\/2023\/02\/16\/jose-de-alencar\/","title":{"rendered":"Os melhores livros de Jos\u00e9 de Alencar de todos os tempos"},"content":{"rendered":"\n<p>Quer saber qual o melhor livro de Jos\u00e9 de Alencar?<\/p>\n\n\n\n<p><strong>Oslivros.com<\/strong> apresenta a voc\u00ea uma sele\u00e7\u00e3o rigorosamente separada dos livros mais populares de Jos\u00e9 de Alencar, com base nas avalia\u00e7\u00f5es e satisfa\u00e7\u00e3o dos leitores. Aqui voc\u00ea encontrar\u00e1 a lista mais recente dos melhores e mais vendidos livros de todos os tempos.<\/p>\n\n\n\n<h2 class=\"wp-block-heading\">\ud83c\udfc6 Classifica\u00e7\u00e3o :<\/h2>\n\n\n\n<p><p >No products found.<\/p><br>Esta sele\u00e7\u00e3o se baseia sobre os livros de Jos\u00e9 de Alencar mais lidos da Amazon no \u00faltimo m\u00eas.<\/p>\n\n\n\n<h2 class=\"wp-block-heading\">\ud83d\udcb2 Livros em desconto<\/h2>\n\n\n<p >No products found.<\/p>\n\n\n\n<h2 class=\"wp-block-heading\">\ud83e\udd47 Melhor livro de Jos\u00e9 de Alencar<\/h2>\n\n\n\n<p>Apesar de existirem vari\u00e1veis para a compra do melhor livro de Jos\u00e9 de Alencar, segundo entendemos, nos revela ser o melhor livro \u00e0 venda.<\/p>\n\n\n<p >No products found.<\/p>\n\n\n\n<h2 class=\"wp-block-heading\">\ud83d\udcda Aprofundamento sobre Jos\u00e9 de Alencar<\/h2>\n\n\n<p><iframe loading=\"lazy\" title=\"- Indianismo [III]: O guarani (Jos\u00e9 de Alencar)\" width=\"1200\" height=\"675\" src=\"https:\/\/www.youtube.com\/embed\/1vYhBcdyEJk?feature=oembed\" frameborder=\"0\" allow=\"accelerometer; autoplay; clipboard-write; encrypted-media; gyroscope; picture-in-picture; web-share\" referrerpolicy=\"strict-origin-when-cross-origin\" allowfullscreen><\/iframe><\/p>\n\n\n<div class=\"page-generator-pro-wikipedia\">\n<p><b>Jos\u00e9 Martiniano de Alencar<\/b> (Fortaleza, 1 de maio de 1829 \u2014 Rio de Janeiro, 12 de dezembro de 1877) foi um escritor e pol\u00edtico brasileiro. \u00c9 not\u00e1vel como escritor por ter sido o fundador accomplish romance de tem\u00e1tica nacional, e por ser o patrono da cadeira fundada por Machado de Assis na Academia Brasileira de Letras.<sup id=\"cite_ref-2\" class=\"reference\"><span>[<\/span>2<span>]<\/span><\/sup><\/p>\n<p>Na carreira pol\u00edtica, foi not\u00f3ria a sua tenaz defesa da escravid\u00e3o no Brasil quando ministro da Justi\u00e7a do segundo reinado (ver Gabinete Itabora\u00ed de 1868).<sup id=\"cite_ref-5\" class=\"reference\"><span>[<\/span>5<span>]<\/span><\/sup> Era neto de B\u00e1rbara de Alencar, uma hero\u00edna da Revolu\u00e7\u00e3o Pernambucana.<sup id=\"cite_ref-7\" class=\"reference\"><span>[<\/span>7<span>]<\/span><\/sup><\/p>\n<p>Jos\u00e9 de Alencar nasceu em maio de 1829 em Messejana, que \u00e0 \u00e9poca de seu nascimento gozava realize estatuto de munic\u00edpio (tendo perdido tal categoria em 1921, sendo integrado na cidade de Fortaleza). Nascido de uma rela\u00e7\u00e3o ileg\u00edtima e considerada escandalosa \u00e0 \u00e9poca, visto que seus progenitores eram primos e seu pai era sacerdote da igreja Cat\u00f3lica,<sup id=\"cite_ref-9\" class=\"reference\"><span>[<\/span>9<span>]<\/span><\/sup> teve sua paternidade reconhecida atrav\u00e9s de uma &#8220;Escritura de Reconhecimento e Perfilha\u00e7\u00e3o de Filhos Esp\u00farios&#8221; em 1859, que registrava que &#8220;o padre Jos\u00e9 Martiniano de Alencar, j\u00e1 sendo cl\u00e9rigo de Ordens Sacras, contraiu amizade il\u00edcita e particular com dona Ana Josefina de Alencar, sua prima no primeiro grau, e dela tem tido desde aquele tempo at\u00e9 doze filhos&#8221;. Jos\u00e9 de Alencar foi o primog\u00eanito accomplish casal, e seu apelido em casa epoch Cazuza.<sup id=\"cite_ref-:0_10-1\" class=\"reference\"><span>[<\/span>10<span>]<\/span><\/sup> Era irm\u00e3o de Leonel Martiniano de Alencar, sobrinho de Trist\u00e3o Gon\u00e7alves, neto de B\u00e1rbara de Alencar e primo em segundo grau de Gu\u00e1lter Martiniano de Alencar Araripe. <\/p>\n<p>Sete anos antes accomplish seu nascimento, em 1822, D. Pedro I havia proclamado a Independ\u00eancia complete Brasil e tornara-se imperador get Brasil. Dois anos ap\u00f3s o seu nascimento, em 1831, o monarca, cedendo a press\u00f5es internas e externas, abdicaria em favor reach filho e retornaria para Portugal. \u00c9 nesse cen\u00e1rio pol\u00edtico de disputas pelo poder que o jovem escritor crescer\u00e1, acompanhando o pai, que seria senador e, posteriormente, governador attain estado realize Cear\u00e1.<\/p>\n<p>Transferiu-se para a capital reach Imp\u00e9rio do Brasil, o Rio de Janeiro, e Jos\u00e9 de Alencar, ent\u00e3o com onze anos, foi matriculado no Col\u00e9gio de Instru\u00e7\u00e3o Elementar. Em 1844, matriculou-se nos cursos preparat\u00f3rios \u00e0 Faculdade de Direito de S\u00e3o Paulo, come\u00e7ando o curso de direito em 1846. Fundou, na \u00e9poca, a revista <i>Ensaios Liter\u00e1rios<\/i>, onde publicou o artigo <i>quest\u00f5es de estilo<\/i>. Formou-se em direito, em 1850, e, em 1854 estreou como folhetinista no <i>Correio Mercantil<\/i>. Casou-se com Georgiana Augusta Cochrane (1846-1913), com quem teve seis filhos, entre eles o escritor M\u00e1rio de Alencar e o embaixador Augusto Cochrane de Alencar.<\/p>\n<p>Em 1856, publicou o primeiro romance, <i>Cinco Minutos<\/i>, seguido de <i>A Viuvinha<\/i> em 1857. Mas \u00e9 com <i>O Guarani<\/i> em 1857 que alcan\u00e7ou notoriedade. Estes romances foram publicados todos em jornais e s\u00f3 depois em livros.<\/p>\n<p>Jos\u00e9 de Alencar foi mais longe nos romances que completam a trilogia indigenista: <i>O Guarani<\/i> (1857), <i>Iracema<\/i> (1865) e <i>Ubirajara<\/i> (1874). O primeiro fala sobre o amor do \u00edndio Peri com a mulher branca Ceci. O segundo, epopeia sobre a origem accomplish Cear\u00e1, tem como personagem principal a \u00edndia Iracema, a &#8220;virgem dos l\u00e1bios de mel&#8221; e &#8220;cabelos t\u00e3o escuros como a asa da gra\u00fana&#8221;. O terceiro tem por personagem Ubirajara, valente guerreiro ind\u00edgena que durante a hist\u00f3ria cresce em dire\u00e7\u00e3o \u00e0 maturidade.<\/p>\n<p>Em 1859, tornou-se chefe da Secretaria reach Minist\u00e9rio da Justi\u00e7a, sendo depois consultor complete mesmo. Em 1860, ingressou na pol\u00edtica, como deputado provincial no Cear\u00e1, sempre militando pelo Partido Conservador (Brasil Imp\u00e9rio). Em 1868, tornou-se ministro da Justi\u00e7a, ocupando o cargo at\u00e9 janeiro de 1870. Em 1869, candidatou-se ao senado complete Imp\u00e9rio, tendo o Imperador D. Pedro II reach Brasil n\u00e3o o escolhido por ser muito jovem ainda.<\/p>\n<p>Em 1872, se tornou pai de M\u00e1rio de Alencar, o qual, segundo uma hist\u00f3ria nunca confirmada, poderia ser, na verdade, filho de Machado de Assis, o que, para alguns, daria respaldo para o enredo principal do romance Dom Casmurro. Produziu tamb\u00e9m romances urbanos (Senhora, 1875; Encarna\u00e7\u00e3o, escrito em 1877, ano de sua morte e divulgado em 1893), regionalistas (O Ga\u00facho, 1870; O Sertanejo, 1875) e hist\u00f3ricos (<i>Guerra dos Mascates<\/i>, 1873), al\u00e9m de pe\u00e7as para o teatro. <\/p>\n<p>Viajou para a Europa em 1877, para tentar um tratamento m\u00e9dico, por\u00e9m n\u00e3o teve sucesso. Faleceu no Rio de Janeiro em dezembro get mesmo ano, vitimado pela tuberculose. Machado de Assis, que esteve no vel\u00f3rio de Alencar, impressionou-se com a pobreza em que a fam\u00edlia Alencar vivia. Em sua coluna Hist\u00f3ria de Quinze Dias na revista Ilustra\u00e7\u00e3o Brasileira, escreveu: &#8220;Toda a hist\u00f3ria destes quinze dias est\u00e1 resumida em um s\u00f3 instante, e num acontecimento \u00fanico: a morte de Jos\u00e9 de Alencar. Ao p\u00e9 desse f\u00fanebre sucesso, tudo o mais empalidece.&#8221; Seu corpo foi primeiramente sepultado no Cemit\u00e9rio de S\u00e3o Francisco Xavier, no Rio de Janeiro, depois foi exumado para o Cemit\u00e9rio de S\u00e3o Jo\u00e3o Batista, tamb\u00e9m no Rio de Janeiro. Sua esposa Georgiana faleceu treze anos depois e foi sepultada ao lado complete marido em 1913.<\/p>\n<p>Na cidade attain Rio de Janeiro, no bairro complete Flamengo, em sua homenagem, foi erguida, em 1897, uma est\u00e1tua no largo reach Catete, largo este que foi rebatizado como pra\u00e7a Jos\u00e9 de Alencar.  <\/p>\n<p>Em Fortaleza, em 1910, foi erguido o Theatro Jos\u00e9 de Alencar. A Pra\u00e7a Jos\u00e9 de Alencar e a esta\u00e7\u00e3o Jos\u00e9 de Alencar da Linha Sul reach metr\u00f4 de Fortaleza s\u00e3o, tamb\u00e9m, homenagens da sua cidade natal.<\/p>\n<p>Jos\u00e9 de Alencar tamb\u00e9m tornou-se o nome de um distrito complete munic\u00edpio de Iguatu, no Cear\u00e1.<\/p>\n<p>Grande expoente da literatura brasileira pull off s\u00e9culo XIX, n\u00e3o alcan\u00e7ou a funda\u00e7\u00e3o reach Silogeu Brasileiro. Coube-lhe, entretanto, a homenagem de ser patrono da cadeira 23 da academia.<\/p>\n<p>Nas discuss\u00f5es que antecederam a funda\u00e7\u00e3o da academia, seu nome foi defendido por Machado de Assis para ser o primeiro patrono, ou seja, nominar a cadeira 1. Mas n\u00e3o poderia haver hierarquia nessa escolha, e resultou que Adelino Fontoura, um autor quase desconhecido, veio a ser o patrono efetivo. Sobre esta escolha, registrou Afr\u00e2nio Peixoto:<\/p>\n<p>Uma caracter\u00edstica marcante de sua obra \u00e9 o <i>nacionalismo<\/i>, tanto nos temas quanto nas inova\u00e7\u00f5es no uso da l\u00edngua portuguesa. Em um momento de consolida\u00e7\u00e3o da Independ\u00eancia, Alencar representou um dos mais sinceros esfor\u00e7os patri\u00f3ticos em povoar o Brasil com conhecimento e cultura pr\u00f3prios, em construir novos caminhos para a literatura no pa\u00eds.<\/p>\n<p>A obra de Jos\u00e9 de Alencar pode ser dividida em dois grupos distintos.<\/p>\n<\/div>\n\n\n\n<h3 class=\"wp-block-heading\">Quais as vantagens de adquirir um livro Jos\u00e9 de Alencar online?<\/h3>\n\n\n\n<p>Cada vez mais, antecedendo a compra de um livro, cada vez mais pessoas pesquisam no Google a palavra chave&nbsp;<strong>\u201cJos\u00e9 de Alencar\u201d<\/strong>. Bem prov\u00e1vel, se precisa adquirir online, ser\u00e1 simples e r\u00e1pido, com apenas alguns cliques.<\/p>\n\n\n\n<p>Al\u00e9m disso, adquirir pela internet, poder\u00e1 consultar a opini\u00e3o de outros consumidores, obtendo, seguramente, os livros <strong>\u201cJos\u00e9 de Alencar\u201d<\/strong> que tiveram melhor avalia\u00e7\u00e3o.<\/p>\n\n\n\n<h3 class=\"wp-block-heading\">Entrega em dom\u00edcilio<\/h3>\n\n\n\n<p>O livro chega rapidinho, comprando os livros do seu tema favorito, do smartphone, tablet ou computador port\u00e1til, de modo descomplicado.<\/p>\n\n\n\n<p>Utilize os beneficios do envio em casa sem precisar sair. Em pouco tempo, o pedido vai chegar no conforto do seu lar. A maioria dos livros que escolhemos tem taxas de entrega gratuitas. Para os romances Prime, a vantagem de ser entregue entre 24\/48 horas.<\/p>\n\n\n\n<p><strong>Hashtags associados:<\/strong><\/p>\n\n\n\n<p>Desejamos que a nossa escolha tenha sido assertiva para voc\u00ea. Caso tenha valido a pena, por gentileza, apoie-nos divulgando este artigo em suas redes sociais.<\/p>\n\n\n\n<ul>\n<li>Livros de Jos\u00e9 de Alencar indicados<\/li>\n\n\n\n<li>Que livro de Jos\u00e9 de Alencar comprar?<\/li>\n\n\n\n<li>Melhor livro de Jos\u00e9 de Alencar: coment\u00e1rios e opini\u00f5es<\/li>\n\n\n\n<li>Livros de Jos\u00e9 de Alencar o melhor pre\u00e7o<\/li>\n\n\n\n<li>Livros de Jos\u00e9 de Alencar ebook download<\/li>\n\n\n\n<li>Livros de Jos\u00e9 de Alencar em oferta<\/li>\n\n\n\n<li>Livros de Jos\u00e9 de Alencar recomendados<\/li>\n<\/ul>\n\n\n\n<p><strong>Outras sugest\u00f5es:<\/strong><\/p>\n\n\n\n<p><ul class=\"page-generator-pro-related-links page-generator-pro-related-links-columns-2 page-generator-pro-related-links-prev-next page-generator-pro-related-links-vertical\"><li class=\"prev\">\n                            <a href=\"https:\/\/oslivros.com\/index.php\/2023\/02\/16\/jorge-luis-borges\/\" title=\"Os mais famosos bestsellers de Jorge Luis Borges\">Classifica\u00e7\u00e3o livros de&nbsp; Jorge Luis Borges\n                            <\/a>\n                        <\/li><li class=\"next\">\n                            <a href=\"https:\/\/oslivros.com\/index.php\/2023\/02\/16\/jose-luis-peixoto\/\" title=\"Os 3 melhores t\u00edtulos de Jos\u00e9 Lu\u00eds Peixoto de todos\">Melhor livro de Jos\u00e9 Lu\u00eds Peixoto\n                            <\/a>\n                        <\/li><\/ul><ul class=\"page-generator-pro-related-links page-generator-pro-related-links-columns-2 page-generator-pro-related-links-list-links page-generator-pro-related-links-vertical\"><li><a href=\"https:\/\/oslivros.com\/index.php\/2023\/02\/16\/robert-kiyosaki\/\" title=\"Os melhores t\u00edtulos de Robert Kiyosaki de todos\">Melhor livro de Robert Kiyosaki<\/a><\/li><li><a href=\"https:\/\/oslivros.com\/index.php\/2023\/02\/16\/bibi-santos\/\" title=\"Os 3 melhores bestsellers de Bibi Santos\">Melhor livro de Bibi Santos<\/a><\/li><li><a href=\"https:\/\/oslivros.com\/index.php\/2023\/02\/16\/padre-fabio-de-melo\/\" title=\"Os melhores t\u00edtulos de Padre F\u00e1bio de Melo\">Melhor livro de Padre F\u00e1bio de Melo<\/a><\/li><li><a href=\"https:\/\/oslivros.com\/index.php\/2023\/02\/16\/j-k-rowling\/\" title=\"Os mais famosos bestsellers de J. K. Rowling de todos\">Melhor livro de J. K. Rowling<\/a><\/li><\/ul><\/p>\n\n\n\n<h3 class=\"wp-block-heading\"><\/h3>\n","protected":false},"excerpt":{"rendered":"<p>Quer saber qual o melhor livro de Jos\u00e9 de Alencar? Oslivros.com apresenta a voc\u00ea uma sele\u00e7\u00e3o rigorosamente separada dos livros mais populares de Jos\u00e9 de Alencar, com base nas avalia\u00e7\u00f5es e satisfa\u00e7\u00e3o dos leitores. Aqui voc\u00ea encontrar\u00e1 a lista mais recente dos melhores e mais vendidos livros de todos os tempos. \ud83c\udfc6 Classifica\u00e7\u00e3o : Esta &#8230; <a title=\"Os melhores livros de Jos\u00e9 de Alencar de todos os tempos\" class=\"read-more\" href=\"https:\/\/oslivros.com\/index.php\/2023\/02\/16\/jose-de-alencar\/\" aria-label=\"More on Os melhores livros de Jos\u00e9 de Alencar de todos os tempos\">Leia mais<\/a><\/p>\n","protected":false},"author":1,"featured_media":0,"comment_status":"closed","ping_status":"closed","sticky":false,"template":"","format":"standard","meta":{"om_disable_all_campaigns":false,"_monsterinsights_skip_tracking":false,"footnotes":""},"categories":[4],"tags":[],"_links":{"self":[{"href":"https:\/\/oslivros.com\/index.php\/wp-json\/wp\/v2\/posts\/4252"}],"collection":[{"href":"https:\/\/oslivros.com\/index.php\/wp-json\/wp\/v2\/posts"}],"about":[{"href":"https:\/\/oslivros.com\/index.php\/wp-json\/wp\/v2\/types\/post"}],"author":[{"embeddable":true,"href":"https:\/\/oslivros.com\/index.php\/wp-json\/wp\/v2\/users\/1"}],"replies":[{"embeddable":true,"href":"https:\/\/oslivros.com\/index.php\/wp-json\/wp\/v2\/comments?post=4252"}],"version-history":[{"count":0,"href":"https:\/\/oslivros.com\/index.php\/wp-json\/wp\/v2\/posts\/4252\/revisions"}],"wp:attachment":[{"href":"https:\/\/oslivros.com\/index.php\/wp-json\/wp\/v2\/media?parent=4252"}],"wp:term":[{"taxonomy":"category","embeddable":true,"href":"https:\/\/oslivros.com\/index.php\/wp-json\/wp\/v2\/categories?post=4252"},{"taxonomy":"post_tag","embeddable":true,"href":"https:\/\/oslivros.com\/index.php\/wp-json\/wp\/v2\/tags?post=4252"}],"curies":[{"name":"wp","href":"https:\/\/api.w.org\/{rel}","templated":true}]}}