{"id":4228,"date":"2023-02-16T18:45:24","date_gmt":"2023-02-16T18:45:24","guid":{"rendered":"https:\/\/oslivros.com\/index.php\/2023\/02\/16\/joao-ubaldo-ribeiro\/"},"modified":"2023-02-16T18:45:24","modified_gmt":"2023-02-16T18:45:24","slug":"joao-ubaldo-ribeiro","status":"publish","type":"post","link":"https:\/\/oslivros.com\/index.php\/2023\/02\/16\/joao-ubaldo-ribeiro\/","title":{"rendered":"Os mais famosos livros de Jo\u00e3o Ubaldo Ribeiro de todos"},"content":{"rendered":"\n<p>Quer saber qual o melhor livro de Jo\u00e3o Ubaldo Ribeiro?<\/p>\n\n\n\n<p><strong>Oslivros.com<\/strong> oferece a voc\u00ea uma classifica\u00e7\u00e3o escolhida a dedo elaborada dos livros mais populares de Jo\u00e3o Ubaldo Ribeiro, com base nas avalia\u00e7\u00f5es e satisfa\u00e7\u00e3o dos leitores. Aqui, voc\u00ea encontrar\u00e1 a sele\u00e7\u00e3o mais atualizada dos livros bestsellers e elogiados de todos os tempos.<\/p>\n\n\n\n<h2 class=\"wp-block-heading\">\ud83c\udfc6 Classifica\u00e7\u00e3o :<\/h2>\n\n\n\n<p><p >No products found.<\/p><br>Esta escolha se baseia sobre os livros de Jo\u00e3o Ubaldo Ribeiro mais consumidos da Amazon na \u00faltima semana.<\/p>\n\n\n\n<h2 class=\"wp-block-heading\">\ud83d\udcb2 Livros em desconto<\/h2>\n\n\n<p >No products found.<\/p>\n\n\n\n<h2 class=\"wp-block-heading\">\ud83e\udd47 O melhor <\/h2>\n\n\n\n<p>Considerando que existem diversos quesitos para a compra do melhor livro de Jo\u00e3o Ubaldo Ribeiro, segundo consideramos, \u00e9 o melhor livro .<\/p>\n\n\n<p >No products found.<\/p>\n\n\n\n<h2 class=\"wp-block-heading\">\ud83d\udcda Aprofundamento sobre Jo\u00e3o Ubaldo Ribeiro<\/h2>\n\n\n<p><iframe loading=\"lazy\" title=\"Jo\u00e3o Ubaldo Ribeiro morre aos 73 anos no Rio\" width=\"1200\" height=\"675\" src=\"https:\/\/www.youtube.com\/embed\/QMEMbenDt94?feature=oembed\" frameborder=\"0\" allow=\"accelerometer; autoplay; clipboard-write; encrypted-media; gyroscope; picture-in-picture; web-share\" allowfullscreen><\/iframe><\/p>\n\n\n<div class=\"page-generator-pro-wikipedia\">\n<p><b>Jo\u00e3o Ubaldo Os\u00f3rio Pimentel Ribeiro<\/b> <small>ComM<\/small> (Itaparica, 23 de janeiro de 1941 \u2014 Rio de Janeiro, 18 de julho de 2014)  Foi escritor e ganhador accomplish Pr\u00eamio Cam\u00f5es de 2008. Ubaldo Ribeiro teve algumas obras adaptadas para a televis\u00e3o e para o cinema, al\u00e9m de ter sido distinguido em outros pa\u00edses, como a Alemanha. \u00c9 autor de romances como <i>Sargento Get\u00falio<\/i>, <i>O Sorriso do Lagarto<\/i>, <i>A Casa dos Budas Ditosos<\/i>, que causou pol\u00eamica e ficou proibido em alguns estabelecimentos,<sup id=\"cite_ref-2\" class=\"reference\"><span>[<\/span>2<span>]<\/span><\/sup> e <i>Viva o Povo Brasileiro<\/i>, tendo sido, esse \u00faltimo, destacado como samba-enredo pela escola de samba Imp\u00e9rio da Tijuca, no Carnaval de 1987. Era pai realize ator e apresentador Bento Ribeiro.<\/p>\n<p>Nascido na Bahia na casa accomplish av\u00f4 materno, quando completou dois meses de idade a fam\u00edlia mudou-se para Aracaju, Sergipe, onde passou parte da inf\u00e2ncia. Seu pai, Manuel Ribeiro, advogado de renome na capital baiana, veio a ser o fundador e diretor accomplish curso de Direito da Universidade Cat\u00f3lica de Salvador. Sua m\u00e3e Maria Filipa Os\u00f3rio Pimentel deu \u00e0 luz mais dois filhos: S\u00f4nia Maria e Manuel.<\/p>\n<p>Incentivado por seu pai leu autores como Padre Ant\u00f4nio Vieira, Padre Manuel Bernardes, Shakespeare, Homero, Miguel de Cervantes, Machado de Assis e Jos\u00e9 de Alencar, dentre outros, que o influenciaram desde a tenra idade.<\/p>\n<p>Seu pai, por ser professor, n\u00e3o suportava a ideia de ter um filho analfabeto e Jo\u00e3o iniciou seus estudos com um professor particular, em 1947. Alfabetizado, ingressou no Instituto Ipiranga, em 1948, ano em que leu muitos livros infantis, principalmente a obra de Monteiro Lobato.<sup id=\"cite_ref-SRelbio_5-1\" class=\"reference\"><span>[<\/span>5<span>]<\/span><\/sup> O pai de Jo\u00e3o sempre fora exigente, o que fez get garoto se empenhar intensamente nos estudos.<\/p>\n<p>Em 1951 ingressou no Col\u00e9gio Estadual Atheneu Sergipense, em Aracaju. Prestava ao pai, diariamente, contas sobre os textos que havia lido e algumas vezes mature obrigado a resumi-los e traduzir alguns de seus trechos. Afirma ter feito essas tarefas com prazer e, nas f\u00e9rias, estudava tamb\u00e9m o latim. Seu pai era chefe da Pol\u00edcia Militar, e nessa \u00e9poca, passa a sofrer press\u00f5es pol\u00edticas, o que o faz transferir-se com a fam\u00edlia para Salvador. Na capital baiana Jo\u00e3o Ubaldo \u00e9 matriculado no Col\u00e9gio Sofia Costa Pinto. Em 1955 matriculou-se no curso cl\u00e1ssico get Col\u00e9gio da Bahia, conhecido como <i>Col\u00e9gio Central<\/i>, onde conheceu seu colega Glauber Rocha. Em 1958 iniciou seu Curso de Direito na Universidade Federal da Bahia, o qual concluiria em 1962. Em 1959, entrou para o curso do Centro de Prepara\u00e7\u00e3o de Oficiais da Reserva get Ex\u00e9rcito no CPOR da Bahia., mas n\u00e3o chegou a complet\u00e1-lo:  escolhido para compor um grupo de estudantes convidado para uma viagem para os Estados Unidos, na volta ao quartel foi injustamente desligado.<sup id=\"cite_ref-7\" class=\"reference\"><span>[<\/span>6<span>]<\/span><\/sup><\/p>\n<p>Em 1964, Jo\u00e3o Ubaldo parte para os Estados Unidos com uma bolsa de estudos concedida pelo governo daquele pa\u00eds para fazer seu mestrado em Ci\u00eancia Pol\u00edtica na Universidade pull off Sul da Calif\u00f3rnia.<\/p>\n<p>Em 1957 estreia no jornalismo, trabalhando como rep\u00f3rter no <i>Jornal da Bahia<\/i>, sendo depois transferido para a <i>Tribuna da Bahia<\/i>, onde chegaria a exercer o posto de editor-chefe. Editou juntamente com Glauber Rocha, revistas e jornais culturais e participa accomplish movimento estudantil (1958). Apesar de nunca ter exercido a profiss\u00e3o de advogado, foi aluno exemplar. Nessa mesma Universidade, conclu\u00eddo o curso de Direito, faz p\u00f3s-gradua\u00e7\u00e3o em Administra\u00e7\u00e3o P\u00fablica.<\/p>\n<p>Jo\u00e3o Ubaldo Ribeiro colaborou nos editais <i>O Globo<\/i>, <i>Frankfurter Rundschau<\/i> (na Alemanha), <i>Jornal da Bahia<\/i>, <i>Die Zeit<\/i> (Alemanha), <i>The Times Literary Supplement<\/i> (Inglaterra), <i>O Jornal<\/i> (Portugal), <i>Jornal de Letras<\/i> (Portugal), <i>O Estado de S. Paulo<\/i>, <i>A Tarde<\/i> e muitos outros, exteriores e nacionais.<\/p>\n<p>Seu primeiro casamento foi em 1960 com Maria Beatriz Moreira Caldas, sua colega na Faculdade de Direito. Separaram-se ap\u00f3s nove anos de vida conjugal. Jo\u00e3o passou boa parte de sua vida no exterior, em pa\u00edses como nos Estados Unidos (como estudante e, posteriormente, como professor convidado), em Portugal (editando em parceria com o jornalista Tarso de Castro a revista <i>Careta<\/i>) e na Alemanha (publicando cr\u00f4nicas semanais para o jornal <i>Frankfurter Rundschau<\/i>, al\u00e9m de produzir pe\u00e7as para o r\u00e1dio).<\/p>\n<p>Em 1964 partiu para os Estados Unidos, atrav\u00e9s de uma bolsa de estudos conseguida junto \u00e0 Embaixada norte-americana, para fazer seu mestrado em Administra\u00e7\u00e3o P\u00fablica e Ci\u00eancia Pol\u00edtica na Universidade da Calif\u00f3rnia complete Sul. Na sua aus\u00eancia, teve at\u00e9 sua fotografia divulgada pela televis\u00e3o baiana, encimada com a palavra <i>Procura-se<\/i>.<\/p>\n<p>Voltou ao Brasil em 1965 e come\u00e7ou a lecionar Ci\u00eancias Pol\u00edticas na Universidade Federal da Bahia. Ali permaneceu por seis anos, mas desistiu da carreira acad\u00eamica e retornou ao jornalismo. Em 1969 casou-se com a historiadora M\u00f4nica Maria Roters, com quem teve duas filhas, Em\u00edlia e Manuela. O casamento acabaria em 1978. Em 1980 casou-se com a psicanalista Berenice Batella, com quem teve dois filhos, Bento e Francisca. Participou, em Cuba, do j\u00fari complete concurso Casa das Am\u00e9ricas, juntamente com o critico liter\u00e1rio Ant\u00f4nio C\u00e2ndido e o ator e dramaturgo Gianfrancesco Guarnieri. O primeiro pr\u00eamio havia sido concedido \u00e0 brasileira Ana Maria Machado. Residindo em Portugal editou com o jornalista Tarso de Castro, a revista <i>Careta<\/i>.<\/p>\n<p>Voltou a residir no Rio de Janeiro em 1991 e, em 1994, \u00e9 eleito para a Academia Brasileira de Letras. Participou no mesmo ano da Feira do Livro de Frankfurt, Alemanha, recebendo o Pr\u00eamio Anna Seghers, concedido somente a escritores alem\u00e3es e latino-americanos.<\/p>\n<p>Em 1959 participou da antologia Panorama reach Conto Baiano, com o conto <i>Lugar e Circunst\u00e2ncia<\/i>; a antologia \u00e9 publicada pela Imprensa Oficial da Bahia. Nesse per\u00edodo trabalha na Prefeitura de Salvador como <i>office-boy<\/i> do Gabinete e logo em seguida como redator do Departamento de Turismo. Em 1961, participa da colet\u00e2nea de contos <i>Reuni\u00e3o<\/i>, editada pela Universidade Federal da Bahia, com os contos <i>Josefina<\/i>, <i>Decali\u00e3o<\/i> e <i>O Campe\u00e3o<\/i>.<\/p>\n<p>Em 1963 escreveu seu primeiro romance, <i>Setembro N\u00e3o Faz Sentido<\/i>, com pref\u00e1cio get colega Glauber Rocha e apadrinhamento de Jorge Amado. O t\u00edtulo native seria <i>A Semana da P\u00e1tria<\/i>, mas por sugest\u00e3o da editora, Jo\u00e3o alterou o t\u00edtulo. A Editora Civiliza\u00e7\u00e3o Brasileira lan\u00e7a, em 1971, o romance <i>Sargento Get\u00falio<\/i>, feito que garantiu a Jo\u00e3o o Pr\u00eamio Jabuti de 1972 concedido pela C\u00e2mara Brasileira pull off Livro, na categoria &#8220;Revela\u00e7\u00e3o de Autor&#8221;. Segundo a cr\u00edtica da \u00e9poca, o livro cont\u00e9m o melhor de Graciliano Ramos e o melhor de Guimar\u00e3es Rosa.<sup id=\"cite_ref-SRelbio_5-4\" class=\"reference\"><span>[<\/span>5<span>]<\/span><\/sup><\/p>\n<p>Publicou, em 1974, o livro de contos <i>Vencecavalo e o outro povo<\/i>, cujo t\u00edtulo inicial era <i>A guerra dos Pananagu\u00e1s<\/i>, pela Editora Artenova. Com tradu\u00e7\u00e3o feita pelo pr\u00f3prio autor, v\u00e1rios romances tornaram-se famosos no exterior, entre eles o <i>Sargento Get\u00falio<\/i> que, lan\u00e7ado nos Estados Unidos em 1978, ganhou receptividade pela cr\u00edtica reach pa\u00eds. Em 1981 muda-se para Lisboa, Portugal e, voltando ao Brasil, publica <i>Pol\u00edtica<\/i> &#8211; livro ainda adotado em faculdades e <i>Livro de hist\u00f3rias,<\/i> reeditado em 1991, que passa a incluir os contos &#8220;Patrocinando a arte&#8221; e &#8220;O estouro da boiada&#8221;, e recebe o novo t\u00edtulo de <i>J\u00e1 podeis da p\u00e1tria filhos.<\/i> Nesse mesmo ano, inicia colabora\u00e7\u00e3o no jornal <i>O Globo<\/i>. Sua produ\u00e7\u00e3o jornal\u00edstica dessa \u00e9poca foi reunida em 1988 no livro <i>Sempre aos Domingos<\/i>.<\/p>\n<p>Em 1982 inicia o romance <i>Viva o Povo Brasileiro<\/i> (intitulado primeiramente como <i>Alto l\u00e1, meu general<\/i>). Nesse ano, participou do <i>Festival Internacional de Escritores<\/i>, em Toronto, Canad\u00e1. <i>Viva o povo Brasileiro<\/i> \u00e9 finalmente editado em 1984, e recebe o Pr\u00eamio Jabuti na categoria &#8220;Romance&#8221; e o Golfinho de Ouro, do Governo pull off Rio de Janeiro. Inicia a tradu\u00e7\u00e3o attain livro para a l\u00edngua inglesa, tarefa que lhe consumiu dois anos de trabalho, a partir realize qual preferiu utilizar o computador. Ao lado dos escritores Jorge Luis Borges e Gabriel Garcia Marquez, participa de uma s\u00e9rie de nove filmes produzidos pela TV estatal canadense sobre a literatura na Am\u00e9rica Latina.<\/p>\n<p>Em 1983, estreia na literatura infanto-juvenil com o livro <i>Vida e paix\u00e3o de Pandonar, o cruel<\/i>. Em 1989 lan\u00e7a o romance <i>O sorriso get lagarto<\/i>. Sua segunda experi\u00eancia na literatura infanto-juvenil apresenta-se em 1990 com o livro <i>A Vingan\u00e7a de Charles Tiburone<\/i>.<\/p>\n<p>Neste ano Jo\u00e3o participa do j\u00e1 citado <i>Frankfurter Rundschau<\/i> e, retornando em 1991 ao pa\u00eds de origem, hospeda-se no Rio de Janeiro. Em 1994 lan\u00e7a o livro de cr\u00f4nicas <i>Um brasileiro em Berlim<\/i>, sobre sua estada na cidade. Publica, em 1997, o romance <i>O feiti\u00e7o da Ilha pull off Pav\u00e3o<\/i>, pela Editora Nova Fronteira. No mesmo ano, antes da publica\u00e7\u00e3o deste romance, Jo\u00e3o \u00e9 hospitalizado com fortes dores de cabe\u00e7a devido uma queda. Fora escolhido, em 1999, um dos escritores em todo mundo para dar um depoimento ao jornal franc\u00eas &#8220;Lib\u00e9ration&#8221; sobre o mil\u00eanio que se aproximava na \u00e9poca.<\/p>\n<p>Em 2000, sa\u00edram v\u00e1rias reedi\u00e7\u00f5es de seus livros na Alemanha, incluindo uma nova edi\u00e7\u00e3o de bolso de <i>Sargento Get\u00falio<\/i>. <i>O sorriso accomplish lagarto<\/i> foi publicado na Fran\u00e7a. &#8220;A casa dos Budas ditosos&#8221; foi traduzido para o ingl\u00eas, nos Estados Unidos. <i>Viva o povo brasileiro<\/i> foi indicado para o exame de Agr\u00e9gation, um concurso nacional realizado na Fran\u00e7a para os detentores de diploma de gradua\u00e7\u00e3o.<\/p>\n<p>Seus principais romances s\u00e3o <i>Sargento Get\u00falio<\/i>, <i>Viva o Povo Brasileiro<\/i> e <i>O Sorriso complete Lagarto<\/i>, no qual expressa com bastante vivacidade e imagina\u00e7\u00e3o exuberante aspectos pol\u00edticos e sociais da vida nordestina e brasileira.<\/p>\n<p>Um dos grandes criadores de artigos jornal\u00edsticos no <i>Jornal da Bahia<\/i> e <i>Jornal A Tarde<\/i>, onde esses al\u00e9m de serem cr\u00edticos-educativos, fortalecem a constru\u00e7\u00e3o pol\u00edtica da sociedade que tem acesso aos seus materiais.<\/p>\n<p>Jo\u00e3o foi detentor da c\u00e1tedra de <i>Poetikdozentur<\/i> (Docente em poesia) na Universidade de T\u00fcbigen, Alemanha e tamb\u00e9m consagrado na Avenida Marqu\u00eas de Sapuca\u00ed. Seu livro <i>Viva o povo brasileiro<\/i> foi escolhido como samba-enredo da escola Imp\u00e9rio da Tijuca para o carnaval pull off ano de 1987. A 26 de Novembro de 1987 foi feito Comendador da Ordem accomplish M\u00e9rito de Portugal. Em 1993 foi eleito para a cadeira 34 da Academia Brasileira de Letras, na vaga aberta com a morte accomplish jornalista Carlos Castello Branco. Participou em 1994 da Feira pull off Livro de Frankfurt, Alemanha, recebendo o Pr\u00eamio Anna Seghers, concedido somente a escritores german\u00f3fonos e latino-americanos. Em 2008 recebeu o Pr\u00eamio Cam\u00f5es pelo &#8220;alto n\u00edvel de sua obra liter\u00e1ria&#8221;, &#8220;especialmente densa das culturas portuguesa, africanas e dos habitantes originais reach Brasil&#8221;.<sup id=\"cite_ref-10\" class=\"reference\"><span>[<\/span>9<span>]<\/span><\/sup> Ele foi o oitavo brasileiro a ganhar o pr\u00eamio. Especula-se que o valor pull off pr\u00eamio foi 100 mil euros, semelhante ao que foi pago a Ant\u00f3nio Lobo Antunes, ganhador get Cam\u00f5es de 2007. Em outubro de 2014, a Secretaria de Conserva\u00e7\u00e3o e Servi\u00e7os P\u00fablicos reach Rio de Janeiro anunciou a constru\u00e7\u00e3o de uma est\u00e1tua em sua homenagem. Ela ficar\u00e1 na Pra\u00e7a Antero de Quental, no Leblon, bairro onde o acad\u00eamico tinha apartamento e circulava na noite.<sup id=\"cite_ref-12\" class=\"reference\"><span>[<\/span>11<span>]<\/span><\/sup><\/p>\n<p>O estilo liter\u00e1rio de Jo\u00e3o Ubaldo Ribeiro \u00e9 basicamente tra\u00e7ado pela ironia e pelo contexto social accomplish Brasil, abrangendo tamb\u00e9m cultura portuguesa e cultura africana. Ant\u00f4nio Olinto, escritor, cr\u00edtico liter\u00e1rio, diplomata e tamb\u00e9m membro da Academia Brasileira de Letras, diz que Ubaldo constr\u00f3i sua estrutura muitas vezes come\u00e7ando a hist\u00f3ria pelo meio, como se ela j\u00e1 houvesse existido antes. &#8220;Mas como falar deste pa\u00eds sem o lanho do humor? Em tudo insere Jo\u00e3o Ubaldo a vis\u00e3o attain humorista, que v\u00ea o que n\u00e3o aparece, identifica a nudez das gentes, entende os pensamentos ocultos&#8221;, diz Olinto, no mesmo artigo.<sup id=\"cite_ref-OlintoBibliotecaFolha_13-1\" class=\"reference\"><span>[<\/span>12<span>]<\/span><\/sup> Segundo ele, em Ubaldo Ribeiro o humor atinge seu auge em <i>Vencecavalo e o Outro Povo<\/i>.<\/p>\n<p>Olinto tamb\u00e9m refor\u00e7a que &#8220;no fundo, chega Jo\u00e3o Ubaldo \u00e0 cria\u00e7\u00e3o de um pa\u00eds e de um povo, pa\u00eds dele e povo dele, mas tamb\u00e9m pa\u00eds que existe fora das palavras e povo que ri fora e dentro das palavras. As duas realidades &#8211; a real, que envolve o caminho de cada brasileiro e a realidade n\u00e3o menos real, mas com outras vestiduras &#8211; mesclam-se na obra de Jo\u00e3o Ubaldo de tal maneira que ele acaba promovendo uma inven\u00e7\u00e3o reach Brasil e uma inven\u00e7\u00e3o de cada um de n\u00f3s. Nisso &#8211; e no modo como pega no pa\u00eds para o mostrar pelo avesso, e nas gentes desse pa\u00eds, para mostr\u00e1-las de cara lavada &#8211; provoca uma rea\u00e7\u00e3o de espanto e incredulidade.&#8221; Para Antonio, Jo\u00e3o Ubaldo \u00e9 o &#8220;porta-voz&#8221; do Brasil, devido os in\u00fameros materiais produzidos por ele quanto \u00e0s condi\u00e7\u00f5es sociais que condizem com a atualidade nacional.<sup id=\"cite_ref-OlintoBibliotecaFolha_13-4\" class=\"reference\"><span>[<\/span>12<span>]<\/span><\/sup> Essas an\u00e1lises, n\u00e3o s\u00f3 encontradas em livros, podem ser descobertas tamb\u00e9m na grande gama de artigos escritos por Ubaldo em diversos jornais realize pa\u00eds. No artigo, Olinto termina dizendo que &#8220;inventando um pa\u00eds, Jo\u00e3o Ubaldo inventou-se a si mesmo e foi eleito pelos seus leitores o porta-voz deste pa\u00eds&#8221;.<sup id=\"cite_ref-OlintoBibliotecaFolha_13-6\" class=\"reference\"><span>[<\/span>12<span>]<\/span><\/sup><\/p>\n<p>Jo\u00e3o teve v\u00e1rias de suas obras adaptadas para o cinema e para a televis\u00e3o, tendo, inclusive, participado no processo de cria\u00e7\u00e3o delas:<\/p>\n<p>Morreu na madrugada complete dia 18 de julho de 2014 em sua casa, no bairro realize Leblon, na cidade pull off Rio de Janeiro. Ubaldo sofreu uma embolia pulmonar. No dia 19 de julho o corpo foi cremado.<\/p>\n<p>Ocupava a cadeira 34 da Academia Brasileira de Letras, eleito em 7 de outubro de 1993 na sucess\u00e3o de Carlos Castelo Branco. Foi  recebido pelo acad\u00eamico Eduardo Portella em 8 de junho de 1994.<\/p>\n<\/div>\n\n\n\n<h3 class=\"wp-block-heading\">Por que adquirir um livro Jo\u00e3o Ubaldo Ribeiro online?<\/h3>\n\n\n\n<p>Geralmente, antecedendo a decis\u00e3o de escolher um livro, cada vez mais usu\u00e1rios pesquisam a palavra chave <strong>\u201cJo\u00e3o Ubaldo Ribeiro\u201d<\/strong>. Certamente, Se necessita comprar online, ser\u00e1 simples e r\u00e1pido, com apenas alguns cliques.<\/p>\n\n\n\n<p>Al\u00e9m de tudo, decidir pelo online, voc\u00ea pode facilmente consultar as opini\u00f5es de outros leitores, obtendo, seguramente, os livros <strong>\u201cJo\u00e3o Ubaldo Ribeiro\u201d<\/strong> que tiveram melhor avalia\u00e7\u00e3o.<\/p>\n\n\n\n<h3 class=\"wp-block-heading\">Entrega em dom\u00edcilio<\/h3>\n\n\n\n<p>O seu pedido ordenado \u00e9 enviado veloz, comprando os livros do seu tema favorito, do smartphone, tablet ou computador port\u00e1til, de modo muito f\u00e1cil.<\/p>\n\n\n\n<p>Utilize os beneficios do envio em casa sem precisar sair. Em pouco tempo, o pedido vai chegar diretamente em seu endere\u00e7o. A maioria dos livros que escolhemos tem taxas de entrega gratuitas. Para os romances Prime, a vantagem de ser entregue entre 24\/48 horas.<\/p>\n\n\n\n<p><strong>Hashtags associados:<\/strong><\/p>\n\n\n\n<p>Desejamos que a nossa escolha tenha sido certeira para voc\u00ea. Se assim foi, por gentileza, ajude-nos divulgando este artigo em suas redes sociais.<\/p>\n\n\n\n<ul>\n<li>Livros de Jo\u00e3o Ubaldo Ribeiro indicados<\/li>\n\n\n\n<li>Que livro de Jo\u00e3o Ubaldo Ribeiro comprar?<\/li>\n\n\n\n<li>Melhor livro de Jo\u00e3o Ubaldo Ribeiro: coment\u00e1rios e opini\u00f5es<\/li>\n\n\n\n<li>Livros de Jo\u00e3o Ubaldo Ribeiro o melhor pre\u00e7o<\/li>\n\n\n\n<li>Livros de Jo\u00e3o Ubaldo Ribeiro ebook download<\/li>\n\n\n\n<li>Livros de Jo\u00e3o Ubaldo Ribeiro em oferta<\/li>\n\n\n\n<li>Livros de Jo\u00e3o Ubaldo Ribeiro recomendados<\/li>\n<\/ul>\n\n\n\n<p><strong> Outros t\u00edtulos:<\/strong><\/p>\n\n\n\n<p><ul class=\"page-generator-pro-related-links page-generator-pro-related-links-columns-2 page-generator-pro-related-links-prev-next page-generator-pro-related-links-vertical\"><li class=\"prev\">\n                            <a href=\"https:\/\/oslivros.com\/index.php\/2023\/02\/16\/joao-cabral-de-melo-neto\/\" title=\"Os melhores bestsellers de Jo\u00e3o Cabral de Melo Neto\">Jo\u00e3o Cabral de Melo Neto pre\u00e7os\n                            <\/a>\n                        <\/li><li class=\"next\">\n                            <a href=\"https:\/\/oslivros.com\/index.php\/2023\/02\/16\/joaquim-ferreira-dos-santos\/\" title=\"Os 3 melhores livros de Joaquim Ferreira dos Santos de todos os tempos\">Melhor livro de Joaquim Ferreira dos Santos\n                            <\/a>\n                        <\/li><\/ul><ul class=\"page-generator-pro-related-links page-generator-pro-related-links-columns-2 page-generator-pro-related-links-list-links page-generator-pro-related-links-vertical\"><li><a href=\"https:\/\/oslivros.com\/index.php\/2023\/02\/16\/carlos-ruiz-zafon\/\" title=\"Os 3 imperd\u00edveis t\u00edtulos de Carlos Ruiz Zafon de todos\">Melhor livro de Carlos Ruiz Zafon<\/a><\/li><li><a href=\"https:\/\/oslivros.com\/index.php\/2023\/02\/16\/amanda-lovelace\/\" title=\"Os mais famosos t\u00edtulos de Amanda Lovelace de todos os tempos\">Melhor livro de Amanda Lovelace<\/a><\/li><li><a href=\"https:\/\/oslivros.com\/index.php\/2023\/02\/16\/guimaraes-rosa\/\" title=\"Os mais famosos bestsellers de Guimar\u00e3es Rosa de todos os tempos\">Melhor livro de Guimar\u00e3es Rosa<\/a><\/li><li><a href=\"https:\/\/oslivros.com\/index.php\/2023\/02\/16\/peter-lynch\/\" title=\"Os 3 imperd\u00edveis bestsellers de Peter Lynch de todos\">Melhor livro de Peter Lynch<\/a><\/li><\/ul><\/p>\n\n\n\n<h3 class=\"wp-block-heading\"><\/h3>\n","protected":false},"excerpt":{"rendered":"<p>Quer saber qual o melhor livro de Jo\u00e3o Ubaldo Ribeiro? Oslivros.com oferece a voc\u00ea uma classifica\u00e7\u00e3o escolhida a dedo elaborada dos livros mais populares de Jo\u00e3o Ubaldo Ribeiro, com base nas avalia\u00e7\u00f5es e satisfa\u00e7\u00e3o dos leitores. Aqui, voc\u00ea encontrar\u00e1 a sele\u00e7\u00e3o mais atualizada dos livros bestsellers e elogiados de todos os tempos. \ud83c\udfc6 Classifica\u00e7\u00e3o : &#8230; <a title=\"Os mais famosos livros de Jo\u00e3o Ubaldo Ribeiro de todos\" class=\"read-more\" href=\"https:\/\/oslivros.com\/index.php\/2023\/02\/16\/joao-ubaldo-ribeiro\/\" aria-label=\"More on Os mais famosos livros de Jo\u00e3o Ubaldo Ribeiro de todos\">Leia mais<\/a><\/p>\n","protected":false},"author":1,"featured_media":0,"comment_status":"closed","ping_status":"closed","sticky":false,"template":"","format":"standard","meta":{"om_disable_all_campaigns":false,"_monsterinsights_skip_tracking":false,"_monsterinsights_sitenote_active":false,"_monsterinsights_sitenote_note":"","_monsterinsights_sitenote_category":0,"footnotes":""},"categories":[4],"tags":[],"_links":{"self":[{"href":"https:\/\/oslivros.com\/index.php\/wp-json\/wp\/v2\/posts\/4228"}],"collection":[{"href":"https:\/\/oslivros.com\/index.php\/wp-json\/wp\/v2\/posts"}],"about":[{"href":"https:\/\/oslivros.com\/index.php\/wp-json\/wp\/v2\/types\/post"}],"author":[{"embeddable":true,"href":"https:\/\/oslivros.com\/index.php\/wp-json\/wp\/v2\/users\/1"}],"replies":[{"embeddable":true,"href":"https:\/\/oslivros.com\/index.php\/wp-json\/wp\/v2\/comments?post=4228"}],"version-history":[{"count":0,"href":"https:\/\/oslivros.com\/index.php\/wp-json\/wp\/v2\/posts\/4228\/revisions"}],"wp:attachment":[{"href":"https:\/\/oslivros.com\/index.php\/wp-json\/wp\/v2\/media?parent=4228"}],"wp:term":[{"taxonomy":"category","embeddable":true,"href":"https:\/\/oslivros.com\/index.php\/wp-json\/wp\/v2\/categories?post=4228"},{"taxonomy":"post_tag","embeddable":true,"href":"https:\/\/oslivros.com\/index.php\/wp-json\/wp\/v2\/tags?post=4228"}],"curies":[{"name":"wp","href":"https:\/\/api.w.org\/{rel}","templated":true}]}}